[{"@context":"https:\/\/schema.org\/","@type":"Article","@id":"https:\/\/www.chiki.cz\/jake-u-nas-mame-druhy-voleb\/#Article","mainEntityOfPage":"https:\/\/www.chiki.cz\/jake-u-nas-mame-druhy-voleb\/","headline":"Jak\u00e9 u n\u00e1s m\u00e1me druhy voleb","name":"Jak\u00e9 u n\u00e1s m\u00e1me druhy voleb","description":"Volby jsou velmi d\u016fle\u017eitou sou\u010d\u00e1st\u00ed demokratick\u00e9ho syst\u00e9mu. Nen\u00ed tedy divu, \u017ee se i u n\u00e1s konaj\u00ed v\u00a0podstat\u011b ka\u017ed\u00fd rok. Samoz\u0159ejm\u011b jich je hned n\u011bkolik druh\u016f, podle toho, kam se vlastn\u011b vol\u00ed. Bohu\u017eel, v\u011bt\u0161ina lid\u00ed mezi nimi p\u0159\u00edli\u0161 nedok\u00e1\u017ee rozezn\u00e1vat. Jak\u00e9 to tedy jsou? \u00a0 Pro n\u00e1s jsou zdaleka nejd\u016fle\u017eit\u011bj\u0161\u00ed volby do poslaneck\u00e9 sn\u011bmovny. V\u00a0nich si [&hellip;]","datePublished":"2023-07-03","dateModified":"2024-06-04","author":{"@type":"Person","@id":"https:\/\/www.chiki.cz\/author\/#Person","name":"","url":"https:\/\/www.chiki.cz\/author\/","identifier":1,"image":{"@type":"ImageObject","@id":"https:\/\/secure.gravatar.com\/avatar\/4ae18345300f35922a2a7b2caa17564b68acab8514eff939a8a019efde378c24?s=96&d=mm&r=g","url":"https:\/\/secure.gravatar.com\/avatar\/4ae18345300f35922a2a7b2caa17564b68acab8514eff939a8a019efde378c24?s=96&d=mm&r=g","height":96,"width":96}},"publisher":{"@type":"Organization","name":"chiki.cz","logo":{"@type":"ImageObject","@id":"\/logo.png","url":"\/logo.png","width":600,"height":60}},"image":{"@type":"ImageObject","@id":"https:\/\/www.chiki.cz\/wp-content\/uploads\/politika1_10.jpg","url":"https:\/\/www.chiki.cz\/wp-content\/uploads\/politika1_10.jpg","height":0,"width":0},"url":"https:\/\/www.chiki.cz\/jake-u-nas-mame-druhy-voleb\/","about":["Politika"],"wordCount":415,"articleBody":"Volby jsou velmi d\u016fle\u017eitou sou\u010d\u00e1st\u00ed demokratick\u00e9ho syst\u00e9mu. Nen\u00ed tedy divu, \u017ee se i u n\u00e1s konaj\u00ed v\u00a0podstat\u011b ka\u017ed\u00fd rok. Samoz\u0159ejm\u011b jich je hned n\u011bkolik druh\u016f, podle toho, kam se vlastn\u011b vol\u00ed. Bohu\u017eel, v\u011bt\u0161ina lid\u00ed mezi nimi p\u0159\u00edli\u0161 nedok\u00e1\u017ee rozezn\u00e1vat. Jak\u00e9 to tedy jsou?\u00a0Pro n\u00e1s jsou zdaleka nejd\u016fle\u017eit\u011bj\u0161\u00ed volby do poslaneck\u00e9 sn\u011bmovny. V\u00a0nich si vol\u00edme premi\u00e9ra a vl\u00e1du pro n\u00e1sleduj\u00edc\u00ed \u010dty\u0159i roky. Poslaneck\u00e1 sn\u011bmovna je instituc\u00ed s\u00a0nejv\u011bt\u0161\u00edmi vl\u00e1dn\u00edmi pravomocemi, a tak nen\u00ed divu, \u017ee bychom pr\u00e1v\u011b jim m\u011bli p\u0159isuzovat skute\u010dn\u011b velkou d\u016fle\u017eitost. Pr\u00e1v\u011b ony si zaslou\u017e\u00ed zdaleka nejv\u011bt\u0161\u00ed \u00fa\u010dast voli\u010d\u016f.\u00a0\u00a0Spolu s\u00a0nimi se konaj\u00ed i sen\u00e1tn\u00ed volby. Ty jsou v\u017edy jen v\u00a0\u010d\u00e1sti republiky, nebo\u0165 slo\u017een\u00ed sen\u00e1tu se neobm\u011b\u0148uje najednou, n\u00fdbr\u017e pr\u016fb\u011b\u017en\u011b. Bohu\u017eel, pr\u00e1v\u011b sen\u00e1t je u n\u00e1s pon\u011bkud p\u0159ehl\u00ed\u017een, mnoz\u00ed jej pak pova\u017euj\u00ed za zbyte\u010dn\u00fd. P\u0159itom jde o pom\u011brn\u011b d\u016fle\u017eitou pojistku demokracie, a tak si rozhodn\u011b zaslou\u017e\u00ed na\u0161i pozornost.\u00a0Dal\u0161\u00edmi volbami, kter\u00e9 se u n\u00e1s konaj\u00ed, jsou ty komun\u00e1ln\u00ed. V\u00a0nich vol\u00edme \u010dleny m\u011bstsk\u00fdch zastupitelstev, a zde doch\u00e1z\u00ed \u010dasto k\u00a0m\u00fdlce. Lid\u00e9 si je mnohdy pletou s\u00a0t\u011bmi parlamentn\u00edmi, \u010demu\u017e nepom\u00e1haj\u00ed ani sami politici sv\u00fdmi hesly typu \u201esn\u00ed\u017e\u00edme dan\u011b\u201c, co\u017e v\u016fbec nen\u00ed v\u00a0kompetenci jednotliv\u00fdch obc\u00ed. Zde je tedy nutn\u00e9 volit ty, kte\u0159\u00ed maj\u00ed takov\u00fd program pro na\u0161e m\u011bsto, se kter\u00fdm souhlas\u00edme.\u00a0\u00a0Prezidentsk\u00e9 volby pak p\u0159itahuj\u00ed \u010dasto pozornost, a je jim mnohdy p\u0159ipisov\u00e1na v\u011bt\u0161\u00ed d\u016fle\u017eitost, ne\u017e tomu skute\u010dn\u011b je. \u010casto zapom\u00edn\u00e1me, \u017ee prezident m\u00e1 u n\u00e1s pouze reprezentativn\u00ed funkci, nebo\u0165 m\u00e1me parlamentn\u00ed, nikoliv prezidentskou demokracii.\u00a0Pak jsou zde volby do evropsk\u00e9ho parlamentu. Ten jedn\u00e1 o z\u00e1le\u017eitostech, kter\u00e9 se t\u00fdkaj\u00ed cel\u00e9 Evropsk\u00e9 unie. \u010casto jsou opom\u00edjeny, nebo\u0165 se net\u00fdkaj\u00ed p\u0159\u00edmo n\u00e1s, \u010cech\u016f, co\u017e je \u0161koda. Jsme toti\u017e tak\u00e9 sou\u010d\u00e1st\u00ed EU, a podle toho bychom k\u00a0nim m\u011bli i p\u0159istupovat.\u00a0A\u0165 u\u017e se v\u0161ak jedn\u00e1 o kteroukoliv z\u00a0nich, rozhodn\u011b je vhodn\u00e9 j\u00edt volit. Jen tak zajist\u00edme pro na\u0161i zemi takovou budoucnost, jakou si p\u0159edstavujeme.                                                                                                                                                                                                                                                                                                                                                                                                "},{"@context":"https:\/\/schema.org\/","@type":"BreadcrumbList","itemListElement":[{"@type":"ListItem","position":1,"name":"Jak\u00e9 u n\u00e1s m\u00e1me druhy voleb","item":"https:\/\/www.chiki.cz\/jake-u-nas-mame-druhy-voleb\/#breadcrumbitem"}]}]